[{"@context":"https:\/\/schema.org\/","@type":"Article","@id":"https:\/\/www.sheesham.cz\/krasna-kancelar\/#Article","mainEntityOfPage":"https:\/\/www.sheesham.cz\/krasna-kancelar\/","headline":"Kr\u00e1sn\u00e1 kancel\u00e1\u0159","name":"Kr\u00e1sn\u00e1 kancel\u00e1\u0159","description":"V posledn\u00ed dob\u011b opravdu hodn\u011b lid\u00ed by si p\u0159\u00e1lo podnikat. J\u00e1 se tomu ani nediv\u00edm, proto\u017ee j\u00e1 st\u00e1le sleduji, \u017ee v\u011bt\u0161ina zam\u011bstnavatel\u016f v\u016fbec nevych\u00e1z\u00ed vst\u0159\u00edc lidem, a to hlavn\u011b mamink\u00e1m na mate\u0159sk\u00e9 dovolen\u00e9 anebo mamink\u00e1m, kter\u00e9 jsou samo\u017eivitelky a maj\u00ed mal\u00e9 d\u011bti. Nap\u0159\u00edklad moje kamar\u00e1dka m\u00e1 t\u0159i d\u011bti, nejstar\u0161\u00edmu je deset let a nejmlad\u0161\u00edmu jsou [&hellip;]","datePublished":"2023-10-30","dateModified":"2023-10-30","author":{"@type":"Person","@id":"https:\/\/www.sheesham.cz\/author\/#Person","name":"","url":"https:\/\/www.sheesham.cz\/author\/","identifier":1,"image":{"@type":"ImageObject","@id":"https:\/\/secure.gravatar.com\/avatar\/b72fc1bf1bf254b4118ef99c1da35a199f5a8e7c33c2166eae92618994df57ea?s=96&d=mm&r=g","url":"https:\/\/secure.gravatar.com\/avatar\/b72fc1bf1bf254b4118ef99c1da35a199f5a8e7c33c2166eae92618994df57ea?s=96&d=mm&r=g","height":96,"width":96}},"publisher":{"@type":"Organization","name":"sheesham.cz","logo":{"@type":"ImageObject","@id":"\/logo.png","url":"\/logo.png","width":600,"height":60}},"image":{"@type":"ImageObject","@id":"https:\/\/www.sheesham.cz\/wp-content\/uploads\/desk-1284085_1280_10.jpg","url":"https:\/\/www.sheesham.cz\/wp-content\/uploads\/desk-1284085_1280_10.jpg","height":0,"width":0},"url":"https:\/\/www.sheesham.cz\/krasna-kancelar\/","about":["Business"],"wordCount":404,"articleBody":"   V posledn\u00ed dob\u011b opravdu hodn\u011b lid\u00ed by si p\u0159\u00e1lo podnikat. J\u00e1 se tomu ani nediv\u00edm, proto\u017ee j\u00e1 st\u00e1le sleduji, \u017ee v\u011bt\u0161ina zam\u011bstnavatel\u016f v\u016fbec nevych\u00e1z\u00ed vst\u0159\u00edc lidem, a to hlavn\u011b mamink\u00e1m na mate\u0159sk\u00e9 dovolen\u00e9 anebo mamink\u00e1m, kter\u00e9 jsou samo\u017eivitelky a maj\u00ed mal\u00e9 d\u011bti. Nap\u0159\u00edklad moje kamar\u00e1dka m\u00e1 t\u0159i d\u011bti, nejstar\u0161\u00edmu je deset let a nejmlad\u0161\u00edmu jsou \u010dty\u0159i roky. U\u017e nen\u00ed na mate\u0159sk\u00e9 dovolen\u00e9 ani na rodi\u010dovsk\u00e9 dovolen\u00e9, ale jednodu\u0161e \u017e\u00e1dn\u00fd zam\u011bstnavatel ji nechce zam\u011bstnat. Pr\u00fd ona je na to sama, pr\u00fd nem\u00e1 ani \u017e\u00e1dnou babi\u010dku nebo tetu, kter\u00e1 by hl\u00eddala. A tak moje kamar\u00e1dka st\u00e1le mus\u00ed b\u00fdt na pracovn\u00edm \u00fa\u0159ad\u011b a pob\u00edrat d\u00e1vky. A moje kamar\u00e1dka se opravdu sna\u017e\u00ed, i kdy\u017e j\u00ed pracovn\u00ed \u00fa\u0159ad nab\u00edz\u00ed st\u00e1le pr\u00e1ci, tak ona se tam v\u017edycky jde zeptat, ale v\u016fbec ji nikde necht\u011bj\u00ed vz\u00edt. Je mi jasn\u00e9, \u017ee je to kv\u016fli tomu, \u017ee m\u00e1 mal\u00e9 d\u011bti a \u017ee bude v\u011bt\u0161inu \u010dasu s d\u011btmi doma, kdy\u017e d\u011bti budou nemocn\u00e9. Proto jsem kamar\u00e1dce \u0159ekla, jestli by t\u0159eba necht\u011bla podnikat. My s kamar\u00e1dkou bydl\u00edme v Ostrav\u011b. Tak jsem j\u00ed \u0159ekla, \u017ee tady v Ostrav\u011b si tak\u00e9 m\u016f\u017ee sehnat s\u00eddlo firmy. Mysl\u00edm si, \u017ee s\u00eddlo firmy v Ostrav\u011b bude opravdu pro moji kamar\u00e1dku skv\u011bl\u00e9, kdy\u017e bude podnikat. Moje kamar\u00e1dka je vyu\u010den\u00e1 kosmeti\u010dka a tak\u00e9 kade\u0159nice, tak by samoz\u0159ejm\u011b v tomhle mohla podnikat. A pokud by m\u011bla s\u00eddlo firmy v Ostrav\u011b, tak tam tak\u00e9 m\u016f\u017ee samoz\u0159ejm\u011b prod\u00e1vat n\u011bjakou luxusn\u00ed a kvalitn\u00ed vlasovou kosmetiku. Anebo tak\u00e9 ple\u0165ovou kosmetiku. A tak\u00e9 p\u0159edpokl\u00e1d\u00e1m, \u017ee ona vlastn\u011b bydl\u00ed v takov\u00e9 oblasti, kde je m\u00e1lo kosmeti\u010dek a tak\u00e9 kade\u0159nic\u00ed. Tak\u017ee ona by vlastn\u011b m\u011bla opravdu velik\u00fd odbyt na kosmetiku a tak\u00e9 z\u00e1jemkyn\u011b a z\u00e1jemce o jej\u00ed slu\u017eby. Pokud i vy m\u00e1te z\u00e1jem o s\u00eddlo firmy v Ostrav\u011b, tak se nebojte. Po\u0159\u00e1dn\u011b si to rozmyslete a uvid\u00edte, \u017ee je tady v\u0161echno skv\u011bl\u00e9. Poskytuj\u00ed toto i spole\u010dnostem OSV\u010c i neziskov\u00fdm organizac\u00edm \u010di jin\u00fdm firm\u00e1m.                                                                                                                                                                                                                                                                                                                                                                                          3\/5 - (1 vote)        "},{"@context":"https:\/\/schema.org\/","@type":"BreadcrumbList","itemListElement":[{"@type":"ListItem","position":1,"name":"Kr\u00e1sn\u00e1 kancel\u00e1\u0159","item":"https:\/\/www.sheesham.cz\/krasna-kancelar\/#breadcrumbitem"}]}]