[{"@context":"https:\/\/schema.org\/","@type":"Article","@id":"https:\/\/www.sheesham.cz\/jak-jsem-poznala-nejvetsi-stesti-sveho-zivota\/#Article","mainEntityOfPage":"https:\/\/www.sheesham.cz\/jak-jsem-poznala-nejvetsi-stesti-sveho-zivota\/","headline":"Jak jsem poznala nejv\u011bt\u0161\u00ed \u0161t\u011bst\u00ed sv\u00e9ho \u017eivota","name":"Jak jsem poznala nejv\u011bt\u0161\u00ed \u0161t\u011bst\u00ed sv\u00e9ho \u017eivota","description":"Toto t\u00e9ma jsem si vybrala, proto\u017ee je mi je\u0161t\u011b s t\u00e9matem \u2013 d\u011bti nejmilej\u0161\u00ed a k m\u00e9mu srdci nejbli\u017e\u0161\u00ed. Ob\u010das p\u0159em\u00fd\u0161l\u00edm, jak je to v\u016fbec mo\u017en\u00e9, \u017ee se najdou lidi, kte\u0159\u00ed zv\u00ed\u0159ata t\u00fdraj\u00ed a ubli\u017euj\u00ed jim. Vad\u00ed mi, \u017ee nejsou postihov\u00e1ni v\u011bt\u0161\u00edmi tresty nap\u0159\u00edklad nejen n\u011bjakou vysokou pokutou, ale t\u0159eba i odn\u011bt\u00edm svobody, proto\u017ee zv\u00ed\u0159ata [&hellip;]","datePublished":"2022-03-12","dateModified":"2023-05-22","author":{"@type":"Person","@id":"https:\/\/www.sheesham.cz\/author\/#Person","name":"","url":"https:\/\/www.sheesham.cz\/author\/","identifier":1,"image":{"@type":"ImageObject","@id":"https:\/\/secure.gravatar.com\/avatar\/b72fc1bf1bf254b4118ef99c1da35a199f5a8e7c33c2166eae92618994df57ea?s=96&d=mm&r=g","url":"https:\/\/secure.gravatar.com\/avatar\/b72fc1bf1bf254b4118ef99c1da35a199f5a8e7c33c2166eae92618994df57ea?s=96&d=mm&r=g","height":96,"width":96}},"publisher":{"@type":"Organization","name":"sheesham.cz","logo":{"@type":"ImageObject","@id":"\/logo.png","url":"\/logo.png","width":600,"height":60}},"image":{"@type":"ImageObject","@id":"https:\/\/www.sheesham.cz\/wp-content\/uploads\/dog-1194083_960_720.jpg","url":"https:\/\/www.sheesham.cz\/wp-content\/uploads\/dog-1194083_960_720.jpg","height":0,"width":0},"url":"https:\/\/www.sheesham.cz\/jak-jsem-poznala-nejvetsi-stesti-sveho-zivota\/","about":["Zv\u00ed\u0159ata"],"wordCount":438,"articleBody":"Toto t\u00e9ma jsem si vybrala, proto\u017ee je mi je\u0161t\u011b s t\u00e9matem \u2013 d\u011bti nejmilej\u0161\u00ed a k m\u00e9mu srdci nejbli\u017e\u0161\u00ed. Ob\u010das p\u0159em\u00fd\u0161l\u00edm, jak je to v\u016fbec mo\u017en\u00e9, \u017ee se najdou lidi, kte\u0159\u00ed zv\u00ed\u0159ata t\u00fdraj\u00ed a ubli\u017euj\u00ed jim. Vad\u00ed mi, \u017ee nejsou postihov\u00e1ni v\u011bt\u0161\u00edmi tresty nap\u0159\u00edklad nejen n\u011bjakou vysokou pokutou, ale t\u0159eba i odn\u011bt\u00edm svobody, proto\u017ee zv\u00ed\u0159ata jsou t\u00e9m\u011b\u0159 jako d\u011bti. M\u00e1m pejska 3let\u00e9ho a vn\u00edm\u00e1m ho jako svoje vlastn\u00ed d\u00edt\u011b. Vlastn\u011b mi n\u011bkdy p\u0159ijde \u017ee je to takov\u00e9 moje mal\u00e9 d\u00edt\u011b. Ne\u017e jsem si ho po\u0159izovala, m\u011bla jsem t\u011b\u017ek\u00e9 obdob\u00ed sv\u00e9ho \u017eivota a s n\u00edm se m\u016fj \u017eivot nav\u017edycky zm\u011bnil. Nikdy nezapomenu na ten prvn\u00ed moment, kdy jsem p\u0159ijela k ohr\u00e1dce, uvnit\u0159 kter\u00e9 spinkal. Vzpom\u00edn\u00e1m si, \u017ee ke mn\u011b p\u0159i\u0161el a ol\u00edzl mi ruku a v ten moment, p\u0159esn\u011b v tenhle jsem v\u011bd\u011bla \u017ee je m\u016fj. Bez v\u00e1h\u00e1n\u00ed jsem si ho odvezla a u\u017e nikdy bych ho nikomu nedala. M\u016fj pejsek se jmenuje Baddy, je to Labradorsk\u00fd retr\u00edvr. Retr\u00edv\u0159i r\u00e1di plavou, lov\u00ed zv\u011b\u0159, kachny, aportuj\u00ed, jsou to stra\u0161n\u011b spole\u010den\u0161t\u00ed psi, kte\u0159\u00ed miluj\u00ed zv\u00ed\u0159ata lidi, p\u0159edev\u0161\u00edm mal\u00e9 d\u011bti. Pro\u0161li jsme si spolu spoustou t\u011b\u017ek\u00fdch okam\u017eik\u016f. Od toho, kdy se m\u00e9mu pejskovi zjistila artr\u00f3za a hrozilo n\u00e1m, \u017ee by mohl postupem let p\u0159estat chodit a\u017e po moje astma. Nic z toho n\u00e1s ale nezastavilo! Artr\u00f3za byl nakonec klam, zbyte\u010dn\u00fd strach z nezn\u00e1ma, nakonec se ale zjistilo, \u017ee m\u016fj pejsek je \u00fapln\u011b zdrav\u00fd. V\u0161echna ta d\u0159ina okolo cvi\u010den\u00ed, hubnut\u00ed, stres a nervy byly zbyte\u010dn\u00e9. Stejn\u011b tak moje no\u010dn\u00ed m\u016fra z astmatu a d\u00e1v\u00e1n\u00ed pejska pry\u010d. Astma je moj\u00ed sou\u010d\u00e1st\u00ed a budu ho m\u00edt i kdy\u017e pejska d\u00e1m pry\u010d a stejn\u011b jsem nakonec zjistila, \u017ee to nen\u00ed z pejska. D\u00e1 se s t\u00edm norm\u00e1ln\u011b \u017e\u00edt. Dejte pry\u010d sv\u00e9 jedin\u00e9 d\u00edt\u011b, kter\u00e9 milujete. \u0158ekn\u011bte to n\u011bkomu odlo\u017ete ho n\u011bkam k ciz\u00edm lidem, to prost\u011b nejde, a tak jsem moc r\u00e1da za to, \u017ee v\u0161echno dob\u0159e dopadlo a j\u00e1 si pejska m\u016f\u017eu nechat a pro\u017e\u00edvat s n\u00edm je\u0161t\u011b spoustu kr\u00e1sn\u00fdch z\u00e1\u017eitk\u016f a dobrodru\u017estv\u00ed.                                                                                                                                                                                                                                                                                                                                                                                        4.7\/5 - (7 votes)        "},{"@context":"https:\/\/schema.org\/","@type":"BreadcrumbList","itemListElement":[{"@type":"ListItem","position":1,"name":"Jak jsem poznala nejv\u011bt\u0161\u00ed \u0161t\u011bst\u00ed sv\u00e9ho \u017eivota","item":"https:\/\/www.sheesham.cz\/jak-jsem-poznala-nejvetsi-stesti-sveho-zivota\/#breadcrumbitem"}]}]